{"id":3058,"date":"2022-10-28T12:31:20","date_gmt":"2022-10-28T12:31:20","guid":{"rendered":"https:\/\/www.confida.rs\/rs\/?p=3058"},"modified":"2022-10-28T12:31:20","modified_gmt":"2022-10-28T12:31:20","slug":"prvi-javni-poziv-u-okviru-programa-za-dunavski-region-2021-2027","status":"publish","type":"post","link":"https:\/\/www.confida.rs\/rs\/prvi-javni-poziv-u-okviru-programa-za-dunavski-region-2021-2027\/","title":{"rendered":"Prvi javni poziv u okviru Programa za Dunavski region 2021. \u2013 2027."},"content":{"rendered":"<p>Objavljen je <a href=\"https:\/\/www.mei.gov.rs\/srl\/vesti\/2595\/detaljnije\/w\/0\/\">Prvi javni poziv<\/a> za dostavljanje predloga projekata za <strong>Dunavski region 2021\u20132027<\/strong> od strane <a href=\"https:\/\/www.mei.gov.rs\/srl\/\">Ministarstva za evropske integracije<\/a>. <!--more-->Program promovi\u0161e ekonomsku, socijalnu i teritorijalnu koheziju u Podunavlju kroz integraciju politika u odabranim oblastima delovanja.<\/p>\n<p>Javni poziv raspisan je 29. septembra 2022. godine, a <strong>rok za dostavljanje sa\u017eetka projekta je 21. novembar 2022. godine, i to do 14 \u010dasova.<\/strong><\/p>\n<h2><strong>Kakve projekte program podr\u017eava?<\/strong><\/h2>\n<p>Program je fokusiran na projekte koji su usmereni na programske prioritete <strong>Pametniji Dunavski region<\/strong>,<strong> Zeleniji Dunavski region sa niskom emisijom ugljenika<\/strong>, <strong>Socijalno orijentisan Dunavski region <\/strong>i<strong> Bolje upravljanje saradnjom u Dunavskom regionu<\/strong>.<\/p>\n<h2><strong>Finansiranje projekata <\/strong><\/h2>\n<p>Za finansiranje projekata u okviru Prvog javnog poziva bi\u0107e izdvojeno <strong>91,75 miliona eura<\/strong>, a <strong>maksimalni doprinos EU projektnim bud\u017eetima iznosi 80%.<\/strong> Finansijska podr\u0161ka biti \u0107e pru\u017eena onim projektima transnacionalne saradnje koji doprinose razvoju inovativnijeg, odr\u017eivijeg i vi\u0161e socijalno orijentisanog Dunavskog regiona.<\/p>\n<h2><strong>Zemlje obuhva\u0107ene programom<\/strong><\/h2>\n<p><strong>Program obuhvata teritoriju 14 zemalja<\/strong> koje sa\u010dinjavaju makro-region. Od obuhva\u0107enih zemalja devet su \u010dlanice EU: Austrija, Bugarska, Hrvatska, \u010ce\u0161ka, Nema\u010dka, Ma\u0111araska, Rumunija, Slova\u010dka i Slovenija, a preostalih pet zemalja nisu \u010dlanice: Bosna i Hercegovina, Crna Gora, Srbija, Moldavija i Ukrajina.<\/p>\n<h2><strong>Sprovo\u0111enje poziva u dva koraka<\/strong><\/h2>\n<p>Javni poziv se sprovodi kroz dva koraka.<strong> U prvom koraku potrebno je da aplikanti elektronskim putem kroz sistem za pra\u0107enje programa (JeMS) podnesu sa\u017eetak projekta<\/strong>. Neophodno je predstaviti <strong>logiku intervencije predloga projekta i strate\u0161ki zna\u010daj<\/strong>. Dodatna prate\u0107a dokumentacija u ovoj fazi nije potrebna.<\/p>\n<p>Odabrani predlozi projekata dostavljeni u okviru prvog koraka \u0107e u <strong>drugom koraku biti pozvani da podnesu aplikacioni paket<\/strong> koji uklju\u010duje <strong>potpuno razvijeni aplikacioni formular<\/strong>. Formular mora sadr\u017eati <strong>detaljnije informacije o projektu i predstavlja\u0107e osnov za odabir<\/strong> projekata za finansiranje.<\/p>\n<p>Projekti \u010dija je implementacija ograni\u010dena na maksimalno 30 meseci mora uklju\u010diti barem tri finansijska partnera iz tri razli\u010dite zemlje programskog podru\u010dja. To se odnosi na vode\u0107eg partnera i najmanje dva projektna partnera.<\/p>\n<p>Sve detalje mo\u017eete prona\u0107i na stranici <a href=\"https:\/\/www.interreg-danube.eu\/about-dtp\/new-funding-2021-2027\/how-to-apply\/first-call\">Interreg Danube Transnational Programme.<\/a><\/p>\n","protected":false},"excerpt":{"rendered":"<p>Objavljen je Prvi javni poziv za dostavljanje predloga projekata za Dunavski region 2021\u20132027 od strane Ministarstva za evropske integracije.<\/p>\n","protected":false},"author":1,"featured_media":3059,"comment_status":"closed","ping_status":"closed","sticky":false,"template":"","format":"standard","meta":[],"categories":[3,4,52,65,1],"tags":[],"yoast_head":"<!-- This site is optimized with the Yoast SEO plugin v17.8 - https:\/\/yoast.com\/wordpress\/plugins\/seo\/ -->\n<title>Prvi javni poziv u okviru Programa za Dunavski region 2021. \u2013 2027. - Confida<\/title>\n<meta name=\"description\" content=\"Objavljen je Prvi javni poziv za dostavljanje predloga projekata za Dunavski region 2021\u20132027 od strane Ministarstva za evropske integracije.\" \/>\n<meta name=\"robots\" content=\"index, follow, max-snippet:-1, max-image-preview:large, max-video-preview:-1\" \/>\n<link rel=\"canonical\" href=\"https:\/\/www.confida.rs\/rs\/prvi-javni-poziv-u-okviru-programa-za-dunavski-region-2021-2027\/\" \/>\n<meta property=\"og:locale\" content=\"en_US\" \/>\n<meta property=\"og:type\" content=\"article\" \/>\n<meta property=\"og:title\" content=\"Prvi javni poziv u okviru Programa za Dunavski region 2021. \u2013 2027. - Confida\" \/>\n<meta property=\"og:description\" content=\"Objavljen je Prvi javni poziv za dostavljanje predloga projekata za Dunavski region 2021\u20132027 od strane Ministarstva za evropske integracije.\" \/>\n<meta property=\"og:url\" content=\"https:\/\/www.confida.rs\/rs\/prvi-javni-poziv-u-okviru-programa-za-dunavski-region-2021-2027\/\" \/>\n<meta property=\"og:site_name\" content=\"Confida\" \/>\n<meta property=\"article:publisher\" content=\"http:\/\/www.facebook.com\/confida.rs\/\" \/>\n<meta property=\"article:published_time\" content=\"2022-10-28T12:31:20+00:00\" \/>\n<meta property=\"og:image\" content=\"https:\/\/www.confida.rs\/rs\/wp-content\/uploads\/2022\/10\/danube-region-1024x576.png\" \/>\n\t<meta property=\"og:image:width\" content=\"1024\" \/>\n\t<meta property=\"og:image:height\" content=\"576\" \/>\n<meta name=\"twitter:card\" content=\"summary_large_image\" \/>\n<meta name=\"twitter:creator\" content=\"@Confida_Serbia\" \/>\n<meta name=\"twitter:site\" content=\"@Confida_Serbia\" \/>\n<meta name=\"twitter:label1\" content=\"Written by\" \/>\n\t<meta name=\"twitter:data1\" content=\"\u0000\u0000\u0000conf\" \/>\n\t<meta name=\"twitter:label2\" content=\"Est. reading time\" \/>\n\t<meta name=\"twitter:data2\" content=\"2 minutes\" \/>\n<script type=\"application\/ld+json\" class=\"yoast-schema-graph\">{\"@context\":\"https:\/\/schema.org\",\"@graph\":[{\"@type\":\"Organization\",\"@id\":\"https:\/\/www.confida.rs\/rs\/#organization\",\"name\":\"Confida - Tax Audit Consulting\",\"url\":\"https:\/\/www.confida.rs\/rs\/\",\"sameAs\":[\"http:\/\/www.facebook.com\/confida.rs\/\",\"http:\/\/www.instagram.com\/confida_srbija\/\",\"https:\/\/www.linkedin.com\/company\/confida-consulting-d.o.o.\",\"https:\/\/www.youtube.com\/channel\/UC5KYlQZksIBOT1bKtW89LIQ\",\"https:\/\/twitter.com\/Confida_Serbia\"],\"logo\":{\"@type\":\"ImageObject\",\"@id\":\"https:\/\/www.confida.rs\/rs\/#logo\",\"inLanguage\":\"en\",\"url\":\"https:\/\/www.confida.rs\/rs\/wp-content\/uploads\/2018\/01\/confida_logo.png\",\"contentUrl\":\"https:\/\/www.confida.rs\/rs\/wp-content\/uploads\/2018\/01\/confida_logo.png\",\"width\":280,\"height\":65,\"caption\":\"Confida - Tax Audit Consulting\"},\"image\":{\"@id\":\"https:\/\/www.confida.rs\/rs\/#logo\"}},{\"@type\":\"WebSite\",\"@id\":\"https:\/\/www.confida.rs\/rs\/#website\",\"url\":\"https:\/\/www.confida.rs\/rs\/\",\"name\":\"Confida\",\"description\":\"Tax Audit Consulting\",\"publisher\":{\"@id\":\"https:\/\/www.confida.rs\/rs\/#organization\"},\"potentialAction\":[{\"@type\":\"SearchAction\",\"target\":{\"@type\":\"EntryPoint\",\"urlTemplate\":\"https:\/\/www.confida.rs\/rs\/?s={search_term_string}\"},\"query-input\":\"required name=search_term_string\"}],\"inLanguage\":\"en\"},{\"@type\":\"ImageObject\",\"@id\":\"https:\/\/www.confida.rs\/rs\/prvi-javni-poziv-u-okviru-programa-za-dunavski-region-2021-2027\/#primaryimage\",\"inLanguage\":\"en\",\"url\":\"https:\/\/www.confida.rs\/rs\/wp-content\/uploads\/2022\/10\/danube-region.png\",\"contentUrl\":\"https:\/\/www.confida.rs\/rs\/wp-content\/uploads\/2022\/10\/danube-region.png\",\"width\":1920,\"height\":1080},{\"@type\":\"WebPage\",\"@id\":\"https:\/\/www.confida.rs\/rs\/prvi-javni-poziv-u-okviru-programa-za-dunavski-region-2021-2027\/#webpage\",\"url\":\"https:\/\/www.confida.rs\/rs\/prvi-javni-poziv-u-okviru-programa-za-dunavski-region-2021-2027\/\",\"name\":\"Prvi javni poziv u okviru Programa za Dunavski region 2021. \\u2013 2027. - Confida\",\"isPartOf\":{\"@id\":\"https:\/\/www.confida.rs\/rs\/#website\"},\"primaryImageOfPage\":{\"@id\":\"https:\/\/www.confida.rs\/rs\/prvi-javni-poziv-u-okviru-programa-za-dunavski-region-2021-2027\/#primaryimage\"},\"datePublished\":\"2022-10-28T12:31:20+00:00\",\"dateModified\":\"2022-10-28T12:31:20+00:00\",\"description\":\"Objavljen je Prvi javni poziv za dostavljanje predloga projekata za Dunavski region 2021\\u20132027 od strane Ministarstva za evropske integracije.\",\"breadcrumb\":{\"@id\":\"https:\/\/www.confida.rs\/rs\/prvi-javni-poziv-u-okviru-programa-za-dunavski-region-2021-2027\/#breadcrumb\"},\"inLanguage\":\"en\",\"potentialAction\":[{\"@type\":\"ReadAction\",\"target\":[\"https:\/\/www.confida.rs\/rs\/prvi-javni-poziv-u-okviru-programa-za-dunavski-region-2021-2027\/\"]}]},{\"@type\":\"BreadcrumbList\",\"@id\":\"https:\/\/www.confida.rs\/rs\/prvi-javni-poziv-u-okviru-programa-za-dunavski-region-2021-2027\/#breadcrumb\",\"itemListElement\":[{\"@type\":\"ListItem\",\"position\":1,\"name\":\"Home\",\"item\":\"https:\/\/www.confida.rs\/rs\/\"},{\"@type\":\"ListItem\",\"position\":2,\"name\":\"Prvi javni poziv u okviru Programa za Dunavski region 2021. \\u2013 2027.\"}]},{\"@type\":\"Article\",\"@id\":\"https:\/\/www.confida.rs\/rs\/prvi-javni-poziv-u-okviru-programa-za-dunavski-region-2021-2027\/#article\",\"isPartOf\":{\"@id\":\"https:\/\/www.confida.rs\/rs\/prvi-javni-poziv-u-okviru-programa-za-dunavski-region-2021-2027\/#webpage\"},\"author\":{\"@id\":\"https:\/\/www.confida.rs\/rs\/#\/schema\/person\/fd95e1463b666fc011397f501e451c11\"},\"headline\":\"Prvi javni poziv u okviru Programa za Dunavski region 2021. \\u2013 2027.\",\"datePublished\":\"2022-10-28T12:31:20+00:00\",\"dateModified\":\"2022-10-28T12:31:20+00:00\",\"mainEntityOfPage\":{\"@id\":\"https:\/\/www.confida.rs\/rs\/prvi-javni-poziv-u-okviru-programa-za-dunavski-region-2021-2027\/#webpage\"},\"wordCount\":341,\"publisher\":{\"@id\":\"https:\/\/www.confida.rs\/rs\/#organization\"},\"image\":{\"@id\":\"https:\/\/www.confida.rs\/rs\/prvi-javni-poziv-u-okviru-programa-za-dunavski-region-2021-2027\/#primaryimage\"},\"thumbnailUrl\":\"https:\/\/www.confida.rs\/rs\/wp-content\/uploads\/2022\/10\/danube-region.png\",\"articleSection\":[\"Financial\",\"Governments\",\"Guidelines\",\"startup\"],\"inLanguage\":\"en\"},{\"@type\":\"Person\",\"@id\":\"https:\/\/www.confida.rs\/rs\/#\/schema\/person\/fd95e1463b666fc011397f501e451c11\",\"name\":\"conf\",\"image\":{\"@type\":\"ImageObject\",\"@id\":\"https:\/\/www.confida.rs\/rs\/#personlogo\",\"inLanguage\":\"en\",\"url\":\"https:\/\/secure.gravatar.com\/avatar\/3f9959cfedfaa6af7bc56418481ead78?s=96&d=mm&r=g\",\"contentUrl\":\"https:\/\/secure.gravatar.com\/avatar\/3f9959cfedfaa6af7bc56418481ead78?s=96&d=mm&r=g\",\"caption\":\"conf\"},\"url\":\"https:\/\/www.confida.rs\/rs\/author\/confida\/\"}]}<\/script>\n<!-- \/ Yoast SEO plugin. -->","yoast_head_json":{"title":"Prvi javni poziv u okviru Programa za Dunavski region 2021. \u2013 2027. - Confida","description":"Objavljen je Prvi javni poziv za dostavljanje predloga projekata za Dunavski region 2021\u20132027 od strane Ministarstva za evropske integracije.","robots":{"index":"index","follow":"follow","max-snippet":"max-snippet:-1","max-image-preview":"max-image-preview:large","max-video-preview":"max-video-preview:-1"},"canonical":"https:\/\/www.confida.rs\/rs\/prvi-javni-poziv-u-okviru-programa-za-dunavski-region-2021-2027\/","og_locale":"en_US","og_type":"article","og_title":"Prvi javni poziv u okviru Programa za Dunavski region 2021. \u2013 2027. - Confida","og_description":"Objavljen je Prvi javni poziv za dostavljanje predloga projekata za Dunavski region 2021\u20132027 od strane Ministarstva za evropske integracije.","og_url":"https:\/\/www.confida.rs\/rs\/prvi-javni-poziv-u-okviru-programa-za-dunavski-region-2021-2027\/","og_site_name":"Confida","article_publisher":"http:\/\/www.facebook.com\/confida.rs\/","article_published_time":"2022-10-28T12:31:20+00:00","og_image":[{"width":1024,"height":576,"url":"https:\/\/www.confida.rs\/rs\/wp-content\/uploads\/2022\/10\/danube-region-1024x576.png","type":"image\/png"}],"twitter_card":"summary_large_image","twitter_creator":"@Confida_Serbia","twitter_site":"@Confida_Serbia","twitter_misc":{"Written by":"\u0000\u0000\u0000conf","Est. reading time":"2 minutes"},"schema":{"@context":"https:\/\/schema.org","@graph":[{"@type":"Organization","@id":"https:\/\/www.confida.rs\/rs\/#organization","name":"Confida - Tax Audit Consulting","url":"https:\/\/www.confida.rs\/rs\/","sameAs":["http:\/\/www.facebook.com\/confida.rs\/","http:\/\/www.instagram.com\/confida_srbija\/","https:\/\/www.linkedin.com\/company\/confida-consulting-d.o.o.","https:\/\/www.youtube.com\/channel\/UC5KYlQZksIBOT1bKtW89LIQ","https:\/\/twitter.com\/Confida_Serbia"],"logo":{"@type":"ImageObject","@id":"https:\/\/www.confida.rs\/rs\/#logo","inLanguage":"en","url":"https:\/\/www.confida.rs\/rs\/wp-content\/uploads\/2018\/01\/confida_logo.png","contentUrl":"https:\/\/www.confida.rs\/rs\/wp-content\/uploads\/2018\/01\/confida_logo.png","width":280,"height":65,"caption":"Confida - Tax Audit Consulting"},"image":{"@id":"https:\/\/www.confida.rs\/rs\/#logo"}},{"@type":"WebSite","@id":"https:\/\/www.confida.rs\/rs\/#website","url":"https:\/\/www.confida.rs\/rs\/","name":"Confida","description":"Tax Audit Consulting","publisher":{"@id":"https:\/\/www.confida.rs\/rs\/#organization"},"potentialAction":[{"@type":"SearchAction","target":{"@type":"EntryPoint","urlTemplate":"https:\/\/www.confida.rs\/rs\/?s={search_term_string}"},"query-input":"required name=search_term_string"}],"inLanguage":"en"},{"@type":"ImageObject","@id":"https:\/\/www.confida.rs\/rs\/prvi-javni-poziv-u-okviru-programa-za-dunavski-region-2021-2027\/#primaryimage","inLanguage":"en","url":"https:\/\/www.confida.rs\/rs\/wp-content\/uploads\/2022\/10\/danube-region.png","contentUrl":"https:\/\/www.confida.rs\/rs\/wp-content\/uploads\/2022\/10\/danube-region.png","width":1920,"height":1080},{"@type":"WebPage","@id":"https:\/\/www.confida.rs\/rs\/prvi-javni-poziv-u-okviru-programa-za-dunavski-region-2021-2027\/#webpage","url":"https:\/\/www.confida.rs\/rs\/prvi-javni-poziv-u-okviru-programa-za-dunavski-region-2021-2027\/","name":"Prvi javni poziv u okviru Programa za Dunavski region 2021. \u2013 2027. - Confida","isPartOf":{"@id":"https:\/\/www.confida.rs\/rs\/#website"},"primaryImageOfPage":{"@id":"https:\/\/www.confida.rs\/rs\/prvi-javni-poziv-u-okviru-programa-za-dunavski-region-2021-2027\/#primaryimage"},"datePublished":"2022-10-28T12:31:20+00:00","dateModified":"2022-10-28T12:31:20+00:00","description":"Objavljen je Prvi javni poziv za dostavljanje predloga projekata za Dunavski region 2021\u20132027 od strane Ministarstva za evropske integracije.","breadcrumb":{"@id":"https:\/\/www.confida.rs\/rs\/prvi-javni-poziv-u-okviru-programa-za-dunavski-region-2021-2027\/#breadcrumb"},"inLanguage":"en","potentialAction":[{"@type":"ReadAction","target":["https:\/\/www.confida.rs\/rs\/prvi-javni-poziv-u-okviru-programa-za-dunavski-region-2021-2027\/"]}]},{"@type":"BreadcrumbList","@id":"https:\/\/www.confida.rs\/rs\/prvi-javni-poziv-u-okviru-programa-za-dunavski-region-2021-2027\/#breadcrumb","itemListElement":[{"@type":"ListItem","position":1,"name":"Home","item":"https:\/\/www.confida.rs\/rs\/"},{"@type":"ListItem","position":2,"name":"Prvi javni poziv u okviru Programa za Dunavski region 2021. \u2013 2027."}]},{"@type":"Article","@id":"https:\/\/www.confida.rs\/rs\/prvi-javni-poziv-u-okviru-programa-za-dunavski-region-2021-2027\/#article","isPartOf":{"@id":"https:\/\/www.confida.rs\/rs\/prvi-javni-poziv-u-okviru-programa-za-dunavski-region-2021-2027\/#webpage"},"author":{"@id":"https:\/\/www.confida.rs\/rs\/#\/schema\/person\/fd95e1463b666fc011397f501e451c11"},"headline":"Prvi javni poziv u okviru Programa za Dunavski region 2021. \u2013 2027.","datePublished":"2022-10-28T12:31:20+00:00","dateModified":"2022-10-28T12:31:20+00:00","mainEntityOfPage":{"@id":"https:\/\/www.confida.rs\/rs\/prvi-javni-poziv-u-okviru-programa-za-dunavski-region-2021-2027\/#webpage"},"wordCount":341,"publisher":{"@id":"https:\/\/www.confida.rs\/rs\/#organization"},"image":{"@id":"https:\/\/www.confida.rs\/rs\/prvi-javni-poziv-u-okviru-programa-za-dunavski-region-2021-2027\/#primaryimage"},"thumbnailUrl":"https:\/\/www.confida.rs\/rs\/wp-content\/uploads\/2022\/10\/danube-region.png","articleSection":["Financial","Governments","Guidelines","startup"],"inLanguage":"en"},{"@type":"Person","@id":"https:\/\/www.confida.rs\/rs\/#\/schema\/person\/fd95e1463b666fc011397f501e451c11","name":"conf","image":{"@type":"ImageObject","@id":"https:\/\/www.confida.rs\/rs\/#personlogo","inLanguage":"en","url":"https:\/\/secure.gravatar.com\/avatar\/3f9959cfedfaa6af7bc56418481ead78?s=96&d=mm&r=g","contentUrl":"https:\/\/secure.gravatar.com\/avatar\/3f9959cfedfaa6af7bc56418481ead78?s=96&d=mm&r=g","caption":"conf"},"url":"https:\/\/www.confida.rs\/rs\/author\/confida\/"}]}},"_links":{"self":[{"href":"https:\/\/www.confida.rs\/rs\/wp-json\/wp\/v2\/posts\/3058"}],"collection":[{"href":"https:\/\/www.confida.rs\/rs\/wp-json\/wp\/v2\/posts"}],"about":[{"href":"https:\/\/www.confida.rs\/rs\/wp-json\/wp\/v2\/types\/post"}],"author":[{"embeddable":true,"href":"https:\/\/www.confida.rs\/rs\/wp-json\/wp\/v2\/users\/1"}],"replies":[{"embeddable":true,"href":"https:\/\/www.confida.rs\/rs\/wp-json\/wp\/v2\/comments?post=3058"}],"version-history":[{"count":1,"href":"https:\/\/www.confida.rs\/rs\/wp-json\/wp\/v2\/posts\/3058\/revisions"}],"predecessor-version":[{"id":3060,"href":"https:\/\/www.confida.rs\/rs\/wp-json\/wp\/v2\/posts\/3058\/revisions\/3060"}],"wp:featuredmedia":[{"embeddable":true,"href":"https:\/\/www.confida.rs\/rs\/wp-json\/wp\/v2\/media\/3059"}],"wp:attachment":[{"href":"https:\/\/www.confida.rs\/rs\/wp-json\/wp\/v2\/media?parent=3058"}],"wp:term":[{"taxonomy":"category","embeddable":true,"href":"https:\/\/www.confida.rs\/rs\/wp-json\/wp\/v2\/categories?post=3058"},{"taxonomy":"post_tag","embeddable":true,"href":"https:\/\/www.confida.rs\/rs\/wp-json\/wp\/v2\/tags?post=3058"}],"curies":[{"name":"wp","href":"https:\/\/api.w.org\/{rel}","templated":true}]}}