{"id":2558,"date":"2023-11-22T09:04:25","date_gmt":"2023-11-22T09:04:25","guid":{"rendered":"https:\/\/www.confida.rs\/de\/?p=2558"},"modified":"2023-11-22T09:04:25","modified_gmt":"2023-11-22T09:04:25","slug":"projekt-infonet-zur-information-und-vertretung-von-freiberuflern","status":"publish","type":"post","link":"https:\/\/www.confida.rs\/de\/projekt-infonet-zur-information-und-vertretung-von-freiberuflern\/","title":{"rendered":"Projekt &#8220;Infonet&#8221; zur information und vertretung von freiberuflern"},"content":{"rendered":"<p class=\"Body\"><span lang=\"EN-GB\" style=\"font-size: 10.0pt; line-height: 107%; font-family: 'Verdana',sans-serif;\">Der Verband der Internet-Arbeiter hat das Projekt &#8220;Infonet&#8221; ins Leben gerufen, um Freiberufler \u00fcber ihre Rechte und Pflichten gem\u00e4\u00df den neuen Steuervorschriften zur Besteuerung von Freiberuflern zu informieren und ihre Interessen bei der weiteren Regelung ihres Status zu vertreten.<\/span><\/p>\n<p class=\"Body\"><span lang=\"EN-GB\" style=\"font-size: 10.0pt; line-height: 107%; font-family: 'Verdana',sans-serif;\">Das Projekt &#8220;Infonet&#8221; ist Teil des umfassenderen Projekts &#8220;New employment: advocacy of workers&#8217; rights on digital platforms in Serbia&#8221;, das von der Europ\u00e4ischen Union finanziert und vom Center for Public Policy Research in Zusammenarbeit mit der Federation of Independent Trade Unions of Serbia, der United Branch Trade Unions &#8220;Nezavisnost&#8221;, The Digital Community und der Association for Labor Law and Social Insurance of Serbia durchgef\u00fchrt wird.<\/span><\/p>\n<p class=\"Body\"><span lang=\"EN-GB\" style=\"font-size: 10.0pt; line-height: 107%; font-family: 'Verdana',sans-serif;\">Freiberufler k\u00f6nnen alle wichtigen Informationen zu ihrer Position und Besteuerung auf der Facebook-Seite und dem Twitter-Account der URI sowie in ihrer Facebook-Gruppe verfolgen, in der es bereits eine Menge n\u00fctzlicher Informationen gibt. Au\u00dferdem k\u00f6nnen Freiberufler URI \u00fcber den Messenger und per E-Mail an info@uri.rs kontaktieren, um alle Informationen \u00fcber die Besteuerung von Freiberuflern zu erhalten.<\/span><\/p>\n<p class=\"Body\"><span lang=\"EN-GB\" style=\"font-size: 10.0pt; line-height: 107%; font-family: 'Verdana',sans-serif;\">Das &#8220;Infonet&#8221;-Projekt ist ein wichtiger Schritt zur Information und Vertretung von Freiberuflern, die einen bedeutenden Teil der Arbeitskr\u00e4fte in Serbien ausmachen und die mit zahlreichen Herausforderungen und Unsicherheiten in Bezug auf ihre Arbeit und ihren Steuerstatus konfrontiert sind.<\/span><\/p>\n","protected":false},"excerpt":{"rendered":"<p>Der Verband der Internet-Arbeiter hat das Projekt &#8220;Infonet&#8221; ins Leben gerufen, um Freiberufler \u00fcber ihre Rechte und Pflichten gem\u00e4\u00df den neuen Steuervorschriften zur Besteuerung von Freiberuflern zu informieren und ihre [&hellip;]<\/p>\n","protected":false},"author":1,"featured_media":2559,"comment_status":"closed","ping_status":"closed","sticky":false,"template":"","format":"standard","meta":[],"categories":[6],"tags":[],"_links":{"self":[{"href":"https:\/\/www.confida.rs\/de\/wp-json\/wp\/v2\/posts\/2558"}],"collection":[{"href":"https:\/\/www.confida.rs\/de\/wp-json\/wp\/v2\/posts"}],"about":[{"href":"https:\/\/www.confida.rs\/de\/wp-json\/wp\/v2\/types\/post"}],"author":[{"embeddable":true,"href":"https:\/\/www.confida.rs\/de\/wp-json\/wp\/v2\/users\/1"}],"replies":[{"embeddable":true,"href":"https:\/\/www.confida.rs\/de\/wp-json\/wp\/v2\/comments?post=2558"}],"version-history":[{"count":1,"href":"https:\/\/www.confida.rs\/de\/wp-json\/wp\/v2\/posts\/2558\/revisions"}],"predecessor-version":[{"id":2560,"href":"https:\/\/www.confida.rs\/de\/wp-json\/wp\/v2\/posts\/2558\/revisions\/2560"}],"wp:featuredmedia":[{"embeddable":true,"href":"https:\/\/www.confida.rs\/de\/wp-json\/wp\/v2\/media\/2559"}],"wp:attachment":[{"href":"https:\/\/www.confida.rs\/de\/wp-json\/wp\/v2\/media?parent=2558"}],"wp:term":[{"taxonomy":"category","embeddable":true,"href":"https:\/\/www.confida.rs\/de\/wp-json\/wp\/v2\/categories?post=2558"},{"taxonomy":"post_tag","embeddable":true,"href":"https:\/\/www.confida.rs\/de\/wp-json\/wp\/v2\/tags?post=2558"}],"curies":[{"name":"wp","href":"https:\/\/api.w.org\/{rel}","templated":true}]}}